{"id":9362,"date":"2026-09-01T08:00:00","date_gmt":"2026-09-01T06:00:00","guid":{"rendered":"https:\/\/blog.gleeden.com\/fr\/?p=9362"},"modified":"2026-01-15T21:13:48","modified_gmt":"2026-01-15T20:13:48","slug":"rentree-couple-moment-critique","status":"publish","type":"post","link":"https:\/\/blog.gleeden.com\/fr\/rentree-couple-moment-critique\/","title":{"rendered":"Pourquoi la rentr\u00e9e est un moment critique pour le couple"},"content":{"rendered":"\n<p>La rentr\u00e9e marque toujours un retour \u00e0 la r\u00e9alit\u00e9. Apr\u00e8s l\u2019\u00e9t\u00e9, ses parenth\u00e8ses, ses respirations et parfois ses illusions, le quotidien reprend ses droits. Travail, contraintes, organisation, rythme soutenu\u2026 tout revient, souvent d\u2019un seul coup.<\/p>\n\n\n\n<p>Et avec lui, une sensation que beaucoup connaissent sans toujours oser la nommer : <strong>le couple semble plus fragile qu\u2019avant<\/strong>.<\/p>\n\n\n\n<p>La rentr\u00e9e n\u2019est pas forc\u00e9ment le moment o\u00f9 les probl\u00e8mes apparaissent. Mais elle est souvent celui o\u00f9 ils deviennent impossibles \u00e0 ignorer.<\/p>\n\n\n\n<div style=\"height:20px\" aria-hidden=\"true\" class=\"wp-block-spacer\"><\/div>\n\n\n\n<h2 class=\"wp-block-heading\">La fin des parenth\u00e8ses<\/h2>\n\n\n\n<p>L\u2019\u00e9t\u00e9 agit comme une suspension. On met certaines questions de c\u00f4t\u00e9, <strong>on \u00e9vite les sujets sensibles<\/strong>, on profite de moments plus l\u00e9gers, parfois en faisant semblant que tout va bien.<\/p>\n\n\n\n<p>\u00c0 la rentr\u00e9e, cette parenth\u00e8se se referme. Les d\u00e9s\u00e9quilibres, rest\u00e9s en arri\u00e8re-plan pendant les vacances, refont surface avec plus de nettet\u00e9.<\/p>\n\n\n\n<p>Ce qui \u00e9tait supportable devient pesant. Ce qui \u00e9tait flou devient plus clair.<\/p>\n\n\n\n<div style=\"height:20px\" aria-hidden=\"true\" class=\"wp-block-spacer\"><\/div>\n\n\n\n<h2 class=\"wp-block-heading\">Quand le quotidien reprend toute la place<\/h2>\n\n\n\n<p>La rentr\u00e9e est souvent synonyme de <strong>surcharge mentale. <\/strong>Les agendas se remplissent, les r\u00f4les se redistribuent, les priorit\u00e9s se recentrent autour de l\u2019efficacit\u00e9.<\/p>\n\n\n\n<p>Dans ce contexte, le couple passe parfois au second plan. On fonctionne ensemble, mais on ne se retrouve plus vraiment.<\/p>\n\n\n\n<p><strong>La communication se r\u00e9duit \u00e0 l\u2019essentiel<\/strong>. Le d\u00e9sir s\u2019efface derri\u00e8re la fatigue. Et sans m\u00eame s\u2019en rendre compte, la distance \u00e9motionnelle peut s\u2019installer.<\/p>\n\n\n\n<div style=\"height:20px\" aria-hidden=\"true\" class=\"wp-block-spacer\"><\/div>\n\n\n\n<h2 class=\"wp-block-heading\">Des prises de conscience difficiles \u00e0 \u00e9viter<\/h2>\n\n\n\n<p>La rentr\u00e9e est aussi un moment de <strong>comparaison int\u00e9rieure.<\/strong> On se demande si l\u2019on est \u00e0 la bonne place, si la relation correspond encore \u00e0 ce que l\u2019on souhaite, si l\u2019on se projette r\u00e9ellement dans la suite.<\/p>\n\n\n\n<p>Ces questionnements ne sont pas toujours synonymes de rupture. Ils traduisent souvent une envie de coh\u00e9rence entre ce que l\u2019on vit et ce que l\u2019on ressent. Mais lorsqu\u2019ils restent sans r\u00e9ponse, ils fragilisent le lien.<\/p>\n\n\n\n<div style=\"height:20px\" aria-hidden=\"true\" class=\"wp-block-spacer\"><\/div>\n\n\n\n<h2 class=\"wp-block-heading\">Pourquoi septembre est souvent un mois de bascule<\/h2>\n\n\n\n<p>Ce n\u2019est pas un hasard si beaucoup de d\u00e9cisions importantes se prennent \u00e0 la rentr\u00e9e. Parler, se taire, continuer, changer, r\u00e9ajuster.<\/p>\n\n\n\n<p>Les \u00e9changes observ\u00e9s sur <strong><a href=\"https:\/\/www.gleeden.com\/cid=534000\">Gleeden<\/a><\/strong> montrent que septembre est l\u2019un des moments les plus charg\u00e9s de l\u2019ann\u00e9e sur la plateforme, juste derri\u00e8re <a href=\"https:\/\/blog.gleeden.com\/fr\/janvier-pic-infidelite-2\/\">le pic de janvier<\/a>. Les comportements \u00e9voluent alors non par impulsivit\u00e9, mais parce que le retour \u00e0 la routine agit comme un r\u00e9v\u00e9lateur.<\/p>\n\n\n\n<p>Ce qui ne pouvait plus \u00eatre \u00e9vit\u00e9 pendant l\u2019\u00e9t\u00e9 demande d\u00e9sormais une r\u00e9ponse.<\/p>\n\n\n\n<div style=\"height:20px\" aria-hidden=\"true\" class=\"wp-block-spacer\"><\/div>\n\n\n\n<h2 class=\"wp-block-heading\">Le couple face au r\u00e9el<\/h2>\n\n\n\n<p>\u00c0 la rentr\u00e9e, le couple est confront\u00e9 \u00e0 une question simple, mais exigeante : <em>est-ce que ce que nous vivons au quotidien nous convient encore ?<\/em><\/p>\n\n\n\n<p>Ce moment peut \u00eatre inconfortable, mais il est aussi pr\u00e9cieux. Il permet parfois de remettre des mots l\u00e0 o\u00f9 il n\u2019y avait que des silences, et de r\u00e9ajuster avant que la distance ne se creuse davantage.<\/p>\n\n\n\n<div style=\"height:20px\" aria-hidden=\"true\" class=\"wp-block-spacer\"><\/div>\n\n\n\n<h2 class=\"wp-block-heading\">Un moment d\u00e9licat\u2026 mais pas forc\u00e9ment n\u00e9gatif<\/h2>\n\n\n\n<p>Voir la rentr\u00e9e comme un moment critique ne signifie pas la craindre. C\u2019est souvent un temps de lucidit\u00e9, parfois inconfortable, mais n\u00e9cessaire.<\/p>\n\n\n\n<p>Un moment pour ajuster, se r\u00e9aligner, ou simplement accepter que certaines choses ont \u00e9volu\u00e9.<\/p>\n\n\n\n<p>Parce que dans un couple, ce n\u2019est pas le changement qui fragilise le plus. C\u2019est le fait de faire comme si rien n\u2019avait chang\u00e9.<\/p>\n\n\n\n<div style=\"height:20px\" aria-hidden=\"true\" class=\"wp-block-spacer\"><\/div>\n\n\n\n<p><em><strong>Cet article pourrait aussi vous int\u00e9resser<\/strong> :\u00a0<\/em><a href=\"https:\/\/blog.gleeden.com\/fr\/charge-mentale-desir-couple\/\">Comment la charge mentale affecte le d\u00e9sir sexuel dans le couple<\/a><\/p>\n","protected":false},"excerpt":{"rendered":"<p>La rentr\u00e9e marque toujours un retour \u00e0 la r\u00e9alit\u00e9. Apr\u00e8s l\u2019\u00e9t\u00e9, ses parenth\u00e8ses, ses respirations et parfois ses illusions, le quotidien reprend ses droits. Travail, contraintes, organisation, rythme soutenu\u2026 tout revient, souvent d\u2019un seul coup. Et avec lui, une sensation&#8230;<\/p>\n","protected":false},"author":2,"featured_media":9364,"comment_status":"open","ping_status":"closed","sticky":false,"template":"","format":"standard","meta":{"twitterCardType":"","cardImageID":0,"cardImage":"","cardTitle":"","cardDesc":"","cardImageAlt":"","cardPlayer":"","cardPlayerWidth":0,"cardPlayerHeight":0,"cardPlayerStream":"","cardPlayerCodec":"","footnotes":""},"categories":[2],"tags":[161,125,156,927,6,839,753,934],"yoast_head":"<!-- This site is optimized with the Yoast SEO plugin v24.0 - https:\/\/yoast.com\/wordpress\/plugins\/seo\/ -->\n<title>Pourquoi la rentr\u00e9e est un moment critique pour le couple<\/title>\n<meta name=\"description\" content=\"La rentr\u00e9e est souvent un moment d\u00e9licat pour le couple. Retour du quotidien, distance \u00e9motionnelle et prises de conscience expliqu\u00e9es.\" \/>\n<meta name=\"robots\" content=\"index, follow, max-snippet:-1, max-image-preview:large, max-video-preview:-1\" \/>\n<link rel=\"canonical\" href=\"https:\/\/blog.gleeden.com\/fr\/rentree-couple-moment-critique\/\" \/>\n<meta property=\"og:locale\" content=\"fr_FR\" \/>\n<meta property=\"og:type\" content=\"article\" \/>\n<meta property=\"og:title\" content=\"Pourquoi la rentr\u00e9e est un moment critique pour le couple\" \/>\n<meta property=\"og:description\" content=\"La rentr\u00e9e est souvent un moment d\u00e9licat pour le couple. Retour du quotidien, distance \u00e9motionnelle et prises de conscience expliqu\u00e9es.\" \/>\n<meta property=\"og:url\" content=\"https:\/\/blog.gleeden.com\/fr\/rentree-couple-moment-critique\/\" \/>\n<meta property=\"og:site_name\" content=\"Gleeden\" \/>\n<meta property=\"article:published_time\" content=\"2026-09-01T06:00:00+00:00\" \/>\n<meta property=\"article:modified_time\" content=\"2026-01-15T20:13:48+00:00\" \/>\n<meta property=\"og:image\" content=\"https:\/\/blog.gleeden.com\/fr\/wp-content\/uploads\/2026\/01\/rentree-couple-distance-emotionnelle.jpg\" \/>\n\t<meta property=\"og:image:width\" content=\"1400\" \/>\n\t<meta property=\"og:image:height\" content=\"550\" \/>\n\t<meta property=\"og:image:type\" content=\"image\/jpeg\" \/>\n<meta name=\"author\" content=\"solene paillet\" \/>\n<meta name=\"twitter:card\" content=\"summary_large_image\" \/>\n<meta name=\"twitter:label1\" content=\"\u00c9crit par\" \/>\n\t<meta name=\"twitter:data1\" content=\"solene paillet\" \/>\n\t<meta name=\"twitter:label2\" content=\"Dur\u00e9e de lecture estim\u00e9e\" \/>\n\t<meta name=\"twitter:data2\" content=\"3 minutes\" \/>\n<script type=\"application\/ld+json\" class=\"yoast-schema-graph\">{\"@context\":\"https:\/\/schema.org\",\"@graph\":[{\"@type\":\"Article\",\"@id\":\"https:\/\/blog.gleeden.com\/fr\/rentree-couple-moment-critique\/#article\",\"isPartOf\":{\"@id\":\"https:\/\/blog.gleeden.com\/fr\/rentree-couple-moment-critique\/\"},\"author\":{\"name\":\"solene paillet\",\"@id\":\"https:\/\/blog.gleeden.com\/fr\/#\/schema\/person\/91ad90e8bc39a5d3b721576fe09140c7\"},\"headline\":\"Pourquoi la rentr\u00e9e est un moment critique pour le couple\",\"datePublished\":\"2026-09-01T06:00:00+00:00\",\"dateModified\":\"2026-01-15T20:13:48+00:00\",\"mainEntityOfPage\":{\"@id\":\"https:\/\/blog.gleeden.com\/fr\/rentree-couple-moment-critique\/\"},\"wordCount\":608,\"commentCount\":0,\"publisher\":{\"@id\":\"https:\/\/blog.gleeden.com\/fr\/#organization\"},\"image\":{\"@id\":\"https:\/\/blog.gleeden.com\/fr\/rentree-couple-moment-critique\/#primaryimage\"},\"thumbnailUrl\":\"https:\/\/blog.gleeden.com\/fr\/wp-content\/uploads\/2026\/01\/rentree-couple-distance-emotionnelle.jpg\",\"keywords\":[\"communication\",\"couple\",\"d\u00e9sir\",\"distance \u00e9motionnelle\",\"Gleeden\",\"psychologie du couple\",\"relations amoureuses\",\"rentr\u00e9e\"],\"articleSection\":[\"News\"],\"inLanguage\":\"fr-FR\",\"potentialAction\":[{\"@type\":\"CommentAction\",\"name\":\"Comment\",\"target\":[\"https:\/\/blog.gleeden.com\/fr\/rentree-couple-moment-critique\/#respond\"]}]},{\"@type\":\"WebPage\",\"@id\":\"https:\/\/blog.gleeden.com\/fr\/rentree-couple-moment-critique\/\",\"url\":\"https:\/\/blog.gleeden.com\/fr\/rentree-couple-moment-critique\/\",\"name\":\"Pourquoi la rentr\u00e9e est un moment critique pour le couple\",\"isPartOf\":{\"@id\":\"https:\/\/blog.gleeden.com\/fr\/#website\"},\"primaryImageOfPage\":{\"@id\":\"https:\/\/blog.gleeden.com\/fr\/rentree-couple-moment-critique\/#primaryimage\"},\"image\":{\"@id\":\"https:\/\/blog.gleeden.com\/fr\/rentree-couple-moment-critique\/#primaryimage\"},\"thumbnailUrl\":\"https:\/\/blog.gleeden.com\/fr\/wp-content\/uploads\/2026\/01\/rentree-couple-distance-emotionnelle.jpg\",\"datePublished\":\"2026-09-01T06:00:00+00:00\",\"dateModified\":\"2026-01-15T20:13:48+00:00\",\"description\":\"La rentr\u00e9e est souvent un moment d\u00e9licat pour le couple. Retour du quotidien, distance \u00e9motionnelle et prises de conscience expliqu\u00e9es.\",\"breadcrumb\":{\"@id\":\"https:\/\/blog.gleeden.com\/fr\/rentree-couple-moment-critique\/#breadcrumb\"},\"inLanguage\":\"fr-FR\",\"potentialAction\":[{\"@type\":\"ReadAction\",\"target\":[\"https:\/\/blog.gleeden.com\/fr\/rentree-couple-moment-critique\/\"]}]},{\"@type\":\"ImageObject\",\"inLanguage\":\"fr-FR\",\"@id\":\"https:\/\/blog.gleeden.com\/fr\/rentree-couple-moment-critique\/#primaryimage\",\"url\":\"https:\/\/blog.gleeden.com\/fr\/wp-content\/uploads\/2026\/01\/rentree-couple-distance-emotionnelle.jpg\",\"contentUrl\":\"https:\/\/blog.gleeden.com\/fr\/wp-content\/uploads\/2026\/01\/rentree-couple-distance-emotionnelle.jpg\",\"width\":1400,\"height\":550,\"caption\":\"rentr\u00e9e couple\"},{\"@type\":\"BreadcrumbList\",\"@id\":\"https:\/\/blog.gleeden.com\/fr\/rentree-couple-moment-critique\/#breadcrumb\",\"itemListElement\":[{\"@type\":\"ListItem\",\"position\":1,\"name\":\"Accueil\",\"item\":\"https:\/\/blog.gleeden.com\/fr\/\"},{\"@type\":\"ListItem\",\"position\":2,\"name\":\"Pourquoi la rentr\u00e9e est un moment critique pour le couple\"}]},{\"@type\":\"WebSite\",\"@id\":\"https:\/\/blog.gleeden.com\/fr\/#website\",\"url\":\"https:\/\/blog.gleeden.com\/fr\/\",\"name\":\"Gleeden\",\"description\":\"Blog\",\"publisher\":{\"@id\":\"https:\/\/blog.gleeden.com\/fr\/#organization\"},\"potentialAction\":[{\"@type\":\"SearchAction\",\"target\":{\"@type\":\"EntryPoint\",\"urlTemplate\":\"https:\/\/blog.gleeden.com\/fr\/?s={search_term_string}\"},\"query-input\":{\"@type\":\"PropertyValueSpecification\",\"valueRequired\":true,\"valueName\":\"search_term_string\"}}],\"inLanguage\":\"fr-FR\"},{\"@type\":\"Organization\",\"@id\":\"https:\/\/blog.gleeden.com\/fr\/#organization\",\"name\":\"Gleeden\",\"url\":\"https:\/\/blog.gleeden.com\/fr\/\",\"logo\":{\"@type\":\"ImageObject\",\"inLanguage\":\"fr-FR\",\"@id\":\"https:\/\/blog.gleeden.com\/fr\/#\/schema\/logo\/image\/\",\"url\":\"https:\/\/blog.gleeden.com\/fr\/wp-content\/uploads\/2020\/04\/logo-blog-FR.png\",\"contentUrl\":\"https:\/\/blog.gleeden.com\/fr\/wp-content\/uploads\/2020\/04\/logo-blog-FR.png\",\"width\":531,\"height\":216,\"caption\":\"Gleeden\"},\"image\":{\"@id\":\"https:\/\/blog.gleeden.com\/fr\/#\/schema\/logo\/image\/\"}},{\"@type\":\"Person\",\"@id\":\"https:\/\/blog.gleeden.com\/fr\/#\/schema\/person\/91ad90e8bc39a5d3b721576fe09140c7\",\"name\":\"solene paillet\",\"image\":{\"@type\":\"ImageObject\",\"inLanguage\":\"fr-FR\",\"@id\":\"https:\/\/blog.gleeden.com\/fr\/#\/schema\/person\/image\/\",\"url\":\"https:\/\/secure.gravatar.com\/avatar\/d99fafd56cf0d87157836ac4bac4bfbd?s=96&d=mm&r=g\",\"contentUrl\":\"https:\/\/secure.gravatar.com\/avatar\/d99fafd56cf0d87157836ac4bac4bfbd?s=96&d=mm&r=g\",\"caption\":\"solene paillet\"},\"url\":\"https:\/\/blog.gleeden.com\/fr\/author\/solene\/\"}]}<\/script>\n<!-- \/ Yoast SEO plugin. -->","yoast_head_json":{"title":"Pourquoi la rentr\u00e9e est un moment critique pour le couple","description":"La rentr\u00e9e est souvent un moment d\u00e9licat pour le couple. Retour du quotidien, distance \u00e9motionnelle et prises de conscience expliqu\u00e9es.","robots":{"index":"index","follow":"follow","max-snippet":"max-snippet:-1","max-image-preview":"max-image-preview:large","max-video-preview":"max-video-preview:-1"},"canonical":"https:\/\/blog.gleeden.com\/fr\/rentree-couple-moment-critique\/","og_locale":"fr_FR","og_type":"article","og_title":"Pourquoi la rentr\u00e9e est un moment critique pour le couple","og_description":"La rentr\u00e9e est souvent un moment d\u00e9licat pour le couple. Retour du quotidien, distance \u00e9motionnelle et prises de conscience expliqu\u00e9es.","og_url":"https:\/\/blog.gleeden.com\/fr\/rentree-couple-moment-critique\/","og_site_name":"Gleeden","article_published_time":"2026-09-01T06:00:00+00:00","article_modified_time":"2026-01-15T20:13:48+00:00","og_image":[{"width":1400,"height":550,"url":"https:\/\/blog.gleeden.com\/fr\/wp-content\/uploads\/2026\/01\/rentree-couple-distance-emotionnelle.jpg","type":"image\/jpeg"}],"author":"solene paillet","twitter_card":"summary_large_image","twitter_misc":{"\u00c9crit par":"solene paillet","Dur\u00e9e de lecture estim\u00e9e":"3 minutes"},"schema":{"@context":"https:\/\/schema.org","@graph":[{"@type":"Article","@id":"https:\/\/blog.gleeden.com\/fr\/rentree-couple-moment-critique\/#article","isPartOf":{"@id":"https:\/\/blog.gleeden.com\/fr\/rentree-couple-moment-critique\/"},"author":{"name":"solene paillet","@id":"https:\/\/blog.gleeden.com\/fr\/#\/schema\/person\/91ad90e8bc39a5d3b721576fe09140c7"},"headline":"Pourquoi la rentr\u00e9e est un moment critique pour le couple","datePublished":"2026-09-01T06:00:00+00:00","dateModified":"2026-01-15T20:13:48+00:00","mainEntityOfPage":{"@id":"https:\/\/blog.gleeden.com\/fr\/rentree-couple-moment-critique\/"},"wordCount":608,"commentCount":0,"publisher":{"@id":"https:\/\/blog.gleeden.com\/fr\/#organization"},"image":{"@id":"https:\/\/blog.gleeden.com\/fr\/rentree-couple-moment-critique\/#primaryimage"},"thumbnailUrl":"https:\/\/blog.gleeden.com\/fr\/wp-content\/uploads\/2026\/01\/rentree-couple-distance-emotionnelle.jpg","keywords":["communication","couple","d\u00e9sir","distance \u00e9motionnelle","Gleeden","psychologie du couple","relations amoureuses","rentr\u00e9e"],"articleSection":["News"],"inLanguage":"fr-FR","potentialAction":[{"@type":"CommentAction","name":"Comment","target":["https:\/\/blog.gleeden.com\/fr\/rentree-couple-moment-critique\/#respond"]}]},{"@type":"WebPage","@id":"https:\/\/blog.gleeden.com\/fr\/rentree-couple-moment-critique\/","url":"https:\/\/blog.gleeden.com\/fr\/rentree-couple-moment-critique\/","name":"Pourquoi la rentr\u00e9e est un moment critique pour le couple","isPartOf":{"@id":"https:\/\/blog.gleeden.com\/fr\/#website"},"primaryImageOfPage":{"@id":"https:\/\/blog.gleeden.com\/fr\/rentree-couple-moment-critique\/#primaryimage"},"image":{"@id":"https:\/\/blog.gleeden.com\/fr\/rentree-couple-moment-critique\/#primaryimage"},"thumbnailUrl":"https:\/\/blog.gleeden.com\/fr\/wp-content\/uploads\/2026\/01\/rentree-couple-distance-emotionnelle.jpg","datePublished":"2026-09-01T06:00:00+00:00","dateModified":"2026-01-15T20:13:48+00:00","description":"La rentr\u00e9e est souvent un moment d\u00e9licat pour le couple. Retour du quotidien, distance \u00e9motionnelle et prises de conscience expliqu\u00e9es.","breadcrumb":{"@id":"https:\/\/blog.gleeden.com\/fr\/rentree-couple-moment-critique\/#breadcrumb"},"inLanguage":"fr-FR","potentialAction":[{"@type":"ReadAction","target":["https:\/\/blog.gleeden.com\/fr\/rentree-couple-moment-critique\/"]}]},{"@type":"ImageObject","inLanguage":"fr-FR","@id":"https:\/\/blog.gleeden.com\/fr\/rentree-couple-moment-critique\/#primaryimage","url":"https:\/\/blog.gleeden.com\/fr\/wp-content\/uploads\/2026\/01\/rentree-couple-distance-emotionnelle.jpg","contentUrl":"https:\/\/blog.gleeden.com\/fr\/wp-content\/uploads\/2026\/01\/rentree-couple-distance-emotionnelle.jpg","width":1400,"height":550,"caption":"rentr\u00e9e couple"},{"@type":"BreadcrumbList","@id":"https:\/\/blog.gleeden.com\/fr\/rentree-couple-moment-critique\/#breadcrumb","itemListElement":[{"@type":"ListItem","position":1,"name":"Accueil","item":"https:\/\/blog.gleeden.com\/fr\/"},{"@type":"ListItem","position":2,"name":"Pourquoi la rentr\u00e9e est un moment critique pour le couple"}]},{"@type":"WebSite","@id":"https:\/\/blog.gleeden.com\/fr\/#website","url":"https:\/\/blog.gleeden.com\/fr\/","name":"Gleeden","description":"Blog","publisher":{"@id":"https:\/\/blog.gleeden.com\/fr\/#organization"},"potentialAction":[{"@type":"SearchAction","target":{"@type":"EntryPoint","urlTemplate":"https:\/\/blog.gleeden.com\/fr\/?s={search_term_string}"},"query-input":{"@type":"PropertyValueSpecification","valueRequired":true,"valueName":"search_term_string"}}],"inLanguage":"fr-FR"},{"@type":"Organization","@id":"https:\/\/blog.gleeden.com\/fr\/#organization","name":"Gleeden","url":"https:\/\/blog.gleeden.com\/fr\/","logo":{"@type":"ImageObject","inLanguage":"fr-FR","@id":"https:\/\/blog.gleeden.com\/fr\/#\/schema\/logo\/image\/","url":"https:\/\/blog.gleeden.com\/fr\/wp-content\/uploads\/2020\/04\/logo-blog-FR.png","contentUrl":"https:\/\/blog.gleeden.com\/fr\/wp-content\/uploads\/2020\/04\/logo-blog-FR.png","width":531,"height":216,"caption":"Gleeden"},"image":{"@id":"https:\/\/blog.gleeden.com\/fr\/#\/schema\/logo\/image\/"}},{"@type":"Person","@id":"https:\/\/blog.gleeden.com\/fr\/#\/schema\/person\/91ad90e8bc39a5d3b721576fe09140c7","name":"solene paillet","image":{"@type":"ImageObject","inLanguage":"fr-FR","@id":"https:\/\/blog.gleeden.com\/fr\/#\/schema\/person\/image\/","url":"https:\/\/secure.gravatar.com\/avatar\/d99fafd56cf0d87157836ac4bac4bfbd?s=96&d=mm&r=g","contentUrl":"https:\/\/secure.gravatar.com\/avatar\/d99fafd56cf0d87157836ac4bac4bfbd?s=96&d=mm&r=g","caption":"solene paillet"},"url":"https:\/\/blog.gleeden.com\/fr\/author\/solene\/"}]}},"_links":{"self":[{"href":"https:\/\/blog.gleeden.com\/fr\/wp-json\/wp\/v2\/posts\/9362"}],"collection":[{"href":"https:\/\/blog.gleeden.com\/fr\/wp-json\/wp\/v2\/posts"}],"about":[{"href":"https:\/\/blog.gleeden.com\/fr\/wp-json\/wp\/v2\/types\/post"}],"author":[{"embeddable":true,"href":"https:\/\/blog.gleeden.com\/fr\/wp-json\/wp\/v2\/users\/2"}],"replies":[{"embeddable":true,"href":"https:\/\/blog.gleeden.com\/fr\/wp-json\/wp\/v2\/comments?post=9362"}],"version-history":[{"count":4,"href":"https:\/\/blog.gleeden.com\/fr\/wp-json\/wp\/v2\/posts\/9362\/revisions"}],"predecessor-version":[{"id":9367,"href":"https:\/\/blog.gleeden.com\/fr\/wp-json\/wp\/v2\/posts\/9362\/revisions\/9367"}],"wp:featuredmedia":[{"embeddable":true,"href":"https:\/\/blog.gleeden.com\/fr\/wp-json\/wp\/v2\/media\/9364"}],"wp:attachment":[{"href":"https:\/\/blog.gleeden.com\/fr\/wp-json\/wp\/v2\/media?parent=9362"}],"wp:term":[{"taxonomy":"category","embeddable":true,"href":"https:\/\/blog.gleeden.com\/fr\/wp-json\/wp\/v2\/categories?post=9362"},{"taxonomy":"post_tag","embeddable":true,"href":"https:\/\/blog.gleeden.com\/fr\/wp-json\/wp\/v2\/tags?post=9362"}],"curies":[{"name":"wp","href":"https:\/\/api.w.org\/{rel}","templated":true}]}}